{"id":856,"date":"2021-06-25T12:55:34","date_gmt":"2021-06-25T12:55:34","guid":{"rendered":"https:\/\/embutidoslalinense.com\/blog\/?p=856"},"modified":"2021-06-25T13:05:48","modified_gmt":"2021-06-25T13:05:48","slug":"embutidos-lalinense-aposta-pola-enerxia-solar-como-medida-sostible-e-de-aforro","status":"publish","type":"post","link":"https:\/\/embutidoslalinense.com\/blog\/embutidos-lalinense-aposta-pola-enerxia-solar-como-medida-sostible-e-de-aforro\/","title":{"rendered":"Embutidos Lalinense opta pola enerx\u00eda solar coa instalaci\u00f3n de 230 paneis"},"content":{"rendered":"\n<h4 class=\"wp-block-heading\">A&nbsp; empresa reducir\u00e1 nun 20% o consumo diurno  de electricidade<\/h4>\n\n\n\n<div class=\"wp-block-image\"><figure class=\"aligncenter size-large is-resized\"><img loading=\"lazy\" decoding=\"async\" src=\"https:\/\/embutidoslalinense.com\/blog\/wp-content\/uploads\/2021\/06\/foto-1-paneles-solares-baixa.jpg\" alt=\"Panele solares en Embutidos Lalinense\" class=\"wp-image-859\" width=\"372\" height=\"496\" srcset=\"https:\/\/embutidoslalinense.com\/blog\/wp-content\/uploads\/2021\/06\/foto-1-paneles-solares-baixa.jpg 744w, https:\/\/embutidoslalinense.com\/blog\/wp-content\/uploads\/2021\/06\/foto-1-paneles-solares-baixa-225x300.jpg 225w\" sizes=\"auto, (max-width: 372px) 100vw, 372px\" \/><figcaption>Paneis solares nas instalaci\u00f3ns de Embutidos Lalinense<\/figcaption><\/figure><\/div>\n\n\n\n<p>Embutidos Lalinense, empresa familiar con m\u00e1is de 70 anos de traxectoria no sector c\u00e1rnico galego, contin\u00faa co seu plan de mellora na pol\u00edtica medio ambiental que comezou xa hai varios anos.<\/p>\n\n\n\n<p><strong>A instalaci\u00f3n de 230 paneis<\/strong> solares na f\u00e1brica que a empresa ten en Agruchave, cunha potencia unitaria de 450 w, producir\u00e1n nesta fase inicial, <strong>un 10% da enerx\u00eda que a empresa consome.<\/strong><\/p>\n\n\n\n<p>Esta medida conleva un aforro importante dado o gasto enerx\u00e9tico anual desta empresa referente no sector c\u00e1rnico galego.<\/p>\n\n\n\n<p>A enerx\u00eda estimada de produci\u00f3n solar \u00e9 de 131.235,31 kWh\/ano, o\u00a0 que sup\u00f3n <strong>unha reducci\u00f3n estimada de consumo diurno de aproximadamente o 20%<\/strong><\/p>\n\n\n\n<p>A instalaci\u00f3n fotovoltaica \u00e9 un paso m\u00e1is nun conxunto de actuaci\u00f3ns emprendidas hai anos, dentro dun plan de coidado ambiental e aforro enerx\u00e9tico. A estas medidas, s\u00famanse outras como a substituci\u00f3n de maquinaria antiga por outra m\u00e1is moderna, con consumos m\u00e1is sostibles, o uso de luces Led nas instalaci\u00f3ns, luces de presencia, etc <\/p>\n\n\n\n<p>Desde Embutidos Lalinense manifestan que \u00abson medidas que ademais dun aforro enerx\u00e9tico contrib\u00faen ao coidado do ambiente, xunto co uso de enerx\u00edas renovables e a implantaci\u00f3n de sistemas de xesti\u00f3n da enerx\u00eda m\u00e1is sostibles. As pol\u00edticas de eficiencia enerx\u00e9tica, ademais do aforro, forman parte da responsabilidade social que temos como empresa. Este plantexamento \u00e9 transversal a todos os departamentos e refl\u00edctese en cada unha das acci\u00f3ns realizadas\u00bb <\/p>\n\n\n\n<p><strong>A aposta polos provedores locais ou comarcais<\/strong>, desde os gandeiros cos que traballan ata empresas de servizos \u00e9 unha das  m\u00e1ximas da empresa. No caso que nos ocupa, \u00aba empresa responsable da instalaci\u00f3n, Formatesa, ten a s\u00faa sede en Lal\u00edn con grande experiencia no sector da enerx\u00eda\u201d, segundo explica Cruz L\u00f3pez, responsable de comunicaci\u00f3n de Embutidos Lalinense.<\/p>\n\n\n\n<p><strong>Coa instalaci\u00f3n dos paneis solares deixanrase de emitir a atmosfera 54&nbsp; toneladas de di\u00f3xido de carbono<\/strong> cada ano segundo os c\u00e1lculos realizados pola empresa instaladora.<\/p>\n\n\n\n<p>A repercusi\u00f3n desta nova nalg\u00fans medios podedes seguila aqu\u00ed:<\/p>\n\n\n\n<p><a href=\"https:\/\/www.farodevigo.es\/deza-tabeiros-montes\/2021\/06\/19\/embutidos-lalinense-instala-230-paneles-53923137.html\">https:\/\/www.farodevigo.es\/deza-tabeiros-montes\/2021\/06\/19\/embutidos-lalinense-instala-230-paneles-53923137.html<\/a><\/p>\n\n\n\n<p><a href=\"https:\/\/www.lavozdegalicia.es\/noticia\/deza\/2021\/06\/19\/embutidos-lalinense-busca-reducir-factura-electrica-paneles-solares\/0003_202106D19C3991.htm\">https:\/\/www.lavozdegalicia.es\/noticia\/deza\/2021\/06\/19\/embutidos-lalinense-busca-reducir-factura-electrica-paneles-solares\/0003_202106D19C3991.htm<\/a><\/p>\n\n\n\n<p>Esta instalaci\u00f3n contou cunha subvenci\u00f3n do <\/p>\n\n\n\n<figure class=\"wp-block-image size-large is-resized\"><img loading=\"lazy\" decoding=\"async\" src=\"https:\/\/embutidoslalinense.com\/blog\/wp-content\/uploads\/2021\/06\/inega.png\" alt=\"inega\" class=\"wp-image-857\" width=\"206\" height=\"62\" srcset=\"https:\/\/embutidoslalinense.com\/blog\/wp-content\/uploads\/2021\/06\/inega.png 411w, https:\/\/embutidoslalinense.com\/blog\/wp-content\/uploads\/2021\/06\/inega-300x90.png 300w\" sizes=\"auto, (max-width: 206px) 100vw, 206px\" \/><\/figure>\n","protected":false},"excerpt":{"rendered":"<p>A&nbsp; empresa reducir\u00e1 nun 20% o consumo diurno de electricidade Embutidos Lalinense, empresa familiar con m\u00e1is de 70 anos de traxectoria no sector c\u00e1rnico galego, contin\u00faa co seu plan de mellora na pol\u00edtica medio ambiental que comezou xa hai varios anos. A instalaci\u00f3n de 230 paneis solares na f\u00e1brica que a empresa ten en Agruchave, [&hellip;]<\/p>\n","protected":false},"author":3,"featured_media":0,"comment_status":"closed","ping_status":"closed","sticky":false,"template":"","format":"standard","meta":{"_monsterinsights_skip_tracking":false,"_monsterinsights_sitenote_active":false,"_monsterinsights_sitenote_note":"","_monsterinsights_sitenote_category":0,"footnotes":""},"categories":[1],"tags":[],"class_list":["post-856","post","type-post","status-publish","format-standard","hentry","category-sin-categoria"],"yoast_head":"<!-- This site is optimized with the Yoast SEO plugin v27.5 - https:\/\/yoast.com\/product\/yoast-seo-wordpress\/ -->\n<title>Embutidos Lalinense opta pola enerx\u00eda solar coa instalaci\u00f3n de 230 paneis - Embutidos Lalinense<\/title>\n<meta name=\"robots\" content=\"index, follow, max-snippet:-1, max-image-preview:large, max-video-preview:-1\" \/>\n<link rel=\"canonical\" href=\"https:\/\/embutidoslalinense.com\/blog\/embutidos-lalinense-aposta-pola-enerxia-solar-como-medida-sostible-e-de-aforro\/\" \/>\n<meta property=\"og:locale\" content=\"es_ES\" \/>\n<meta property=\"og:type\" content=\"article\" \/>\n<meta property=\"og:title\" content=\"Embutidos Lalinense opta pola enerx\u00eda solar coa instalaci\u00f3n de 230 paneis - Embutidos Lalinense\" \/>\n<meta property=\"og:description\" content=\"A&nbsp; empresa reducir\u00e1 nun 20% o consumo diurno de electricidade Embutidos Lalinense, empresa familiar con m\u00e1is de 70 anos de traxectoria no sector c\u00e1rnico galego, contin\u00faa co seu plan de mellora na pol\u00edtica medio ambiental que comezou xa hai varios anos. A instalaci\u00f3n de 230 paneis solares na f\u00e1brica que a empresa ten en Agruchave, [&hellip;]\" \/>\n<meta property=\"og:url\" content=\"https:\/\/embutidoslalinense.com\/blog\/embutidos-lalinense-aposta-pola-enerxia-solar-como-medida-sostible-e-de-aforro\/\" \/>\n<meta property=\"og:site_name\" content=\"Embutidos Lalinense\" \/>\n<meta property=\"article:publisher\" content=\"https:\/\/www.facebook.com\/embutidos.lalinense\/\" \/>\n<meta property=\"article:published_time\" content=\"2021-06-25T12:55:34+00:00\" \/>\n<meta property=\"article:modified_time\" content=\"2021-06-25T13:05:48+00:00\" \/>\n<meta property=\"og:image\" content=\"https:\/\/embutidoslalinense.com\/blog\/wp-content\/uploads\/2021\/06\/foto-1-paneles-solares-baixa.jpg\" \/>\n<meta name=\"author\" content=\"Embutidos Lalinense\" \/>\n<meta name=\"twitter:card\" content=\"summary_large_image\" \/>\n<meta name=\"twitter:label1\" content=\"Escrito por\" \/>\n\t<meta name=\"twitter:data1\" content=\"Embutidos Lalinense\" \/>\n\t<meta name=\"twitter:label2\" content=\"Tiempo de lectura\" \/>\n\t<meta name=\"twitter:data2\" content=\"2 minutos\" \/>\n<script type=\"application\/ld+json\" class=\"yoast-schema-graph\">{\"@context\":\"https:\\\/\\\/schema.org\",\"@graph\":[{\"@type\":\"Article\",\"@id\":\"https:\\\/\\\/embutidoslalinense.com\\\/blog\\\/embutidos-lalinense-aposta-pola-enerxia-solar-como-medida-sostible-e-de-aforro\\\/#article\",\"isPartOf\":{\"@id\":\"https:\\\/\\\/embutidoslalinense.com\\\/blog\\\/embutidos-lalinense-aposta-pola-enerxia-solar-como-medida-sostible-e-de-aforro\\\/\"},\"author\":{\"name\":\"Embutidos Lalinense\",\"@id\":\"https:\\\/\\\/embutidoslalinense.com\\\/blog\\\/#\\\/schema\\\/person\\\/147b4407f4d12f239cb03a5fa82fd9c4\"},\"headline\":\"Embutidos Lalinense opta pola enerx\u00eda solar coa instalaci\u00f3n de 230 paneis\",\"datePublished\":\"2021-06-25T12:55:34+00:00\",\"dateModified\":\"2021-06-25T13:05:48+00:00\",\"mainEntityOfPage\":{\"@id\":\"https:\\\/\\\/embutidoslalinense.com\\\/blog\\\/embutidos-lalinense-aposta-pola-enerxia-solar-como-medida-sostible-e-de-aforro\\\/\"},\"wordCount\":408,\"publisher\":{\"@id\":\"https:\\\/\\\/embutidoslalinense.com\\\/blog\\\/#organization\"},\"image\":{\"@id\":\"https:\\\/\\\/embutidoslalinense.com\\\/blog\\\/embutidos-lalinense-aposta-pola-enerxia-solar-como-medida-sostible-e-de-aforro\\\/#primaryimage\"},\"thumbnailUrl\":\"https:\\\/\\\/embutidoslalinense.com\\\/blog\\\/wp-content\\\/uploads\\\/2021\\\/06\\\/foto-1-paneles-solares-baixa.jpg\",\"articleSection\":[\"\u00daLTIMAS NOTICIAS\"],\"inLanguage\":\"es\"},{\"@type\":\"WebPage\",\"@id\":\"https:\\\/\\\/embutidoslalinense.com\\\/blog\\\/embutidos-lalinense-aposta-pola-enerxia-solar-como-medida-sostible-e-de-aforro\\\/\",\"url\":\"https:\\\/\\\/embutidoslalinense.com\\\/blog\\\/embutidos-lalinense-aposta-pola-enerxia-solar-como-medida-sostible-e-de-aforro\\\/\",\"name\":\"Embutidos Lalinense opta pola enerx\u00eda solar coa instalaci\u00f3n de 230 paneis - Embutidos Lalinense\",\"isPartOf\":{\"@id\":\"https:\\\/\\\/embutidoslalinense.com\\\/blog\\\/#website\"},\"primaryImageOfPage\":{\"@id\":\"https:\\\/\\\/embutidoslalinense.com\\\/blog\\\/embutidos-lalinense-aposta-pola-enerxia-solar-como-medida-sostible-e-de-aforro\\\/#primaryimage\"},\"image\":{\"@id\":\"https:\\\/\\\/embutidoslalinense.com\\\/blog\\\/embutidos-lalinense-aposta-pola-enerxia-solar-como-medida-sostible-e-de-aforro\\\/#primaryimage\"},\"thumbnailUrl\":\"https:\\\/\\\/embutidoslalinense.com\\\/blog\\\/wp-content\\\/uploads\\\/2021\\\/06\\\/foto-1-paneles-solares-baixa.jpg\",\"datePublished\":\"2021-06-25T12:55:34+00:00\",\"dateModified\":\"2021-06-25T13:05:48+00:00\",\"breadcrumb\":{\"@id\":\"https:\\\/\\\/embutidoslalinense.com\\\/blog\\\/embutidos-lalinense-aposta-pola-enerxia-solar-como-medida-sostible-e-de-aforro\\\/#breadcrumb\"},\"inLanguage\":\"es\",\"potentialAction\":[{\"@type\":\"ReadAction\",\"target\":[\"https:\\\/\\\/embutidoslalinense.com\\\/blog\\\/embutidos-lalinense-aposta-pola-enerxia-solar-como-medida-sostible-e-de-aforro\\\/\"]}]},{\"@type\":\"ImageObject\",\"inLanguage\":\"es\",\"@id\":\"https:\\\/\\\/embutidoslalinense.com\\\/blog\\\/embutidos-lalinense-aposta-pola-enerxia-solar-como-medida-sostible-e-de-aforro\\\/#primaryimage\",\"url\":\"https:\\\/\\\/embutidoslalinense.com\\\/blog\\\/wp-content\\\/uploads\\\/2021\\\/06\\\/foto-1-paneles-solares-baixa.jpg\",\"contentUrl\":\"https:\\\/\\\/embutidoslalinense.com\\\/blog\\\/wp-content\\\/uploads\\\/2021\\\/06\\\/foto-1-paneles-solares-baixa.jpg\",\"width\":744,\"height\":992,\"caption\":\"bty\"},{\"@type\":\"BreadcrumbList\",\"@id\":\"https:\\\/\\\/embutidoslalinense.com\\\/blog\\\/embutidos-lalinense-aposta-pola-enerxia-solar-como-medida-sostible-e-de-aforro\\\/#breadcrumb\",\"itemListElement\":[{\"@type\":\"ListItem\",\"position\":1,\"name\":\"Portada\",\"item\":\"https:\\\/\\\/embutidoslalinense.com\\\/blog\\\/\"},{\"@type\":\"ListItem\",\"position\":2,\"name\":\"Embutidos Lalinense opta pola enerx\u00eda solar coa instalaci\u00f3n de 230 paneis\"}]},{\"@type\":\"WebSite\",\"@id\":\"https:\\\/\\\/embutidoslalinense.com\\\/blog\\\/#website\",\"url\":\"https:\\\/\\\/embutidoslalinense.com\\\/blog\\\/\",\"name\":\"Embutidos Lalinense\",\"description\":\"\",\"publisher\":{\"@id\":\"https:\\\/\\\/embutidoslalinense.com\\\/blog\\\/#organization\"},\"potentialAction\":[{\"@type\":\"SearchAction\",\"target\":{\"@type\":\"EntryPoint\",\"urlTemplate\":\"https:\\\/\\\/embutidoslalinense.com\\\/blog\\\/?s={search_term_string}\"},\"query-input\":{\"@type\":\"PropertyValueSpecification\",\"valueRequired\":true,\"valueName\":\"search_term_string\"}}],\"inLanguage\":\"es\"},{\"@type\":\"Organization\",\"@id\":\"https:\\\/\\\/embutidoslalinense.com\\\/blog\\\/#organization\",\"name\":\"Embutidos Lalinense\",\"url\":\"https:\\\/\\\/embutidoslalinense.com\\\/blog\\\/\",\"logo\":{\"@type\":\"ImageObject\",\"inLanguage\":\"es\",\"@id\":\"https:\\\/\\\/embutidoslalinense.com\\\/blog\\\/#\\\/schema\\\/logo\\\/image\\\/\",\"url\":\"https:\\\/\\\/embutidoslalinense.com\\\/blog\\\/wp-content\\\/uploads\\\/2020\\\/04\\\/0001.jpg\",\"contentUrl\":\"https:\\\/\\\/embutidoslalinense.com\\\/blog\\\/wp-content\\\/uploads\\\/2020\\\/04\\\/0001.jpg\",\"width\":1494,\"height\":557,\"caption\":\"Embutidos Lalinense\"},\"image\":{\"@id\":\"https:\\\/\\\/embutidoslalinense.com\\\/blog\\\/#\\\/schema\\\/logo\\\/image\\\/\"},\"sameAs\":[\"https:\\\/\\\/www.facebook.com\\\/embutidos.lalinense\\\/\",\"https:\\\/\\\/www.instagram.com\\\/embutidoslalinense\\\/\",\"https:\\\/\\\/www.youtube.com\\\/channel\\\/UCij-z5cQeLRTChmF69LeJjw\"]},{\"@type\":\"Person\",\"@id\":\"https:\\\/\\\/embutidoslalinense.com\\\/blog\\\/#\\\/schema\\\/person\\\/147b4407f4d12f239cb03a5fa82fd9c4\",\"name\":\"Embutidos Lalinense\",\"url\":\"https:\\\/\\\/embutidoslalinense.com\\\/blog\\\/author\\\/embutidos-lalinense\\\/\"}]}<\/script>\n<!-- \/ Yoast SEO plugin. -->","yoast_head_json":{"title":"Embutidos Lalinense opta pola enerx\u00eda solar coa instalaci\u00f3n de 230 paneis - Embutidos Lalinense","robots":{"index":"index","follow":"follow","max-snippet":"max-snippet:-1","max-image-preview":"max-image-preview:large","max-video-preview":"max-video-preview:-1"},"canonical":"https:\/\/embutidoslalinense.com\/blog\/embutidos-lalinense-aposta-pola-enerxia-solar-como-medida-sostible-e-de-aforro\/","og_locale":"es_ES","og_type":"article","og_title":"Embutidos Lalinense opta pola enerx\u00eda solar coa instalaci\u00f3n de 230 paneis - Embutidos Lalinense","og_description":"A&nbsp; empresa reducir\u00e1 nun 20% o consumo diurno de electricidade Embutidos Lalinense, empresa familiar con m\u00e1is de 70 anos de traxectoria no sector c\u00e1rnico galego, contin\u00faa co seu plan de mellora na pol\u00edtica medio ambiental que comezou xa hai varios anos. A instalaci\u00f3n de 230 paneis solares na f\u00e1brica que a empresa ten en Agruchave, [&hellip;]","og_url":"https:\/\/embutidoslalinense.com\/blog\/embutidos-lalinense-aposta-pola-enerxia-solar-como-medida-sostible-e-de-aforro\/","og_site_name":"Embutidos Lalinense","article_publisher":"https:\/\/www.facebook.com\/embutidos.lalinense\/","article_published_time":"2021-06-25T12:55:34+00:00","article_modified_time":"2021-06-25T13:05:48+00:00","og_image":[{"url":"https:\/\/embutidoslalinense.com\/blog\/wp-content\/uploads\/2021\/06\/foto-1-paneles-solares-baixa.jpg","type":"","width":"","height":""}],"author":"Embutidos Lalinense","twitter_card":"summary_large_image","twitter_misc":{"Escrito por":"Embutidos Lalinense","Tiempo de lectura":"2 minutos"},"schema":{"@context":"https:\/\/schema.org","@graph":[{"@type":"Article","@id":"https:\/\/embutidoslalinense.com\/blog\/embutidos-lalinense-aposta-pola-enerxia-solar-como-medida-sostible-e-de-aforro\/#article","isPartOf":{"@id":"https:\/\/embutidoslalinense.com\/blog\/embutidos-lalinense-aposta-pola-enerxia-solar-como-medida-sostible-e-de-aforro\/"},"author":{"name":"Embutidos Lalinense","@id":"https:\/\/embutidoslalinense.com\/blog\/#\/schema\/person\/147b4407f4d12f239cb03a5fa82fd9c4"},"headline":"Embutidos Lalinense opta pola enerx\u00eda solar coa instalaci\u00f3n de 230 paneis","datePublished":"2021-06-25T12:55:34+00:00","dateModified":"2021-06-25T13:05:48+00:00","mainEntityOfPage":{"@id":"https:\/\/embutidoslalinense.com\/blog\/embutidos-lalinense-aposta-pola-enerxia-solar-como-medida-sostible-e-de-aforro\/"},"wordCount":408,"publisher":{"@id":"https:\/\/embutidoslalinense.com\/blog\/#organization"},"image":{"@id":"https:\/\/embutidoslalinense.com\/blog\/embutidos-lalinense-aposta-pola-enerxia-solar-como-medida-sostible-e-de-aforro\/#primaryimage"},"thumbnailUrl":"https:\/\/embutidoslalinense.com\/blog\/wp-content\/uploads\/2021\/06\/foto-1-paneles-solares-baixa.jpg","articleSection":["\u00daLTIMAS NOTICIAS"],"inLanguage":"es"},{"@type":"WebPage","@id":"https:\/\/embutidoslalinense.com\/blog\/embutidos-lalinense-aposta-pola-enerxia-solar-como-medida-sostible-e-de-aforro\/","url":"https:\/\/embutidoslalinense.com\/blog\/embutidos-lalinense-aposta-pola-enerxia-solar-como-medida-sostible-e-de-aforro\/","name":"Embutidos Lalinense opta pola enerx\u00eda solar coa instalaci\u00f3n de 230 paneis - Embutidos Lalinense","isPartOf":{"@id":"https:\/\/embutidoslalinense.com\/blog\/#website"},"primaryImageOfPage":{"@id":"https:\/\/embutidoslalinense.com\/blog\/embutidos-lalinense-aposta-pola-enerxia-solar-como-medida-sostible-e-de-aforro\/#primaryimage"},"image":{"@id":"https:\/\/embutidoslalinense.com\/blog\/embutidos-lalinense-aposta-pola-enerxia-solar-como-medida-sostible-e-de-aforro\/#primaryimage"},"thumbnailUrl":"https:\/\/embutidoslalinense.com\/blog\/wp-content\/uploads\/2021\/06\/foto-1-paneles-solares-baixa.jpg","datePublished":"2021-06-25T12:55:34+00:00","dateModified":"2021-06-25T13:05:48+00:00","breadcrumb":{"@id":"https:\/\/embutidoslalinense.com\/blog\/embutidos-lalinense-aposta-pola-enerxia-solar-como-medida-sostible-e-de-aforro\/#breadcrumb"},"inLanguage":"es","potentialAction":[{"@type":"ReadAction","target":["https:\/\/embutidoslalinense.com\/blog\/embutidos-lalinense-aposta-pola-enerxia-solar-como-medida-sostible-e-de-aforro\/"]}]},{"@type":"ImageObject","inLanguage":"es","@id":"https:\/\/embutidoslalinense.com\/blog\/embutidos-lalinense-aposta-pola-enerxia-solar-como-medida-sostible-e-de-aforro\/#primaryimage","url":"https:\/\/embutidoslalinense.com\/blog\/wp-content\/uploads\/2021\/06\/foto-1-paneles-solares-baixa.jpg","contentUrl":"https:\/\/embutidoslalinense.com\/blog\/wp-content\/uploads\/2021\/06\/foto-1-paneles-solares-baixa.jpg","width":744,"height":992,"caption":"bty"},{"@type":"BreadcrumbList","@id":"https:\/\/embutidoslalinense.com\/blog\/embutidos-lalinense-aposta-pola-enerxia-solar-como-medida-sostible-e-de-aforro\/#breadcrumb","itemListElement":[{"@type":"ListItem","position":1,"name":"Portada","item":"https:\/\/embutidoslalinense.com\/blog\/"},{"@type":"ListItem","position":2,"name":"Embutidos Lalinense opta pola enerx\u00eda solar coa instalaci\u00f3n de 230 paneis"}]},{"@type":"WebSite","@id":"https:\/\/embutidoslalinense.com\/blog\/#website","url":"https:\/\/embutidoslalinense.com\/blog\/","name":"Embutidos Lalinense","description":"","publisher":{"@id":"https:\/\/embutidoslalinense.com\/blog\/#organization"},"potentialAction":[{"@type":"SearchAction","target":{"@type":"EntryPoint","urlTemplate":"https:\/\/embutidoslalinense.com\/blog\/?s={search_term_string}"},"query-input":{"@type":"PropertyValueSpecification","valueRequired":true,"valueName":"search_term_string"}}],"inLanguage":"es"},{"@type":"Organization","@id":"https:\/\/embutidoslalinense.com\/blog\/#organization","name":"Embutidos Lalinense","url":"https:\/\/embutidoslalinense.com\/blog\/","logo":{"@type":"ImageObject","inLanguage":"es","@id":"https:\/\/embutidoslalinense.com\/blog\/#\/schema\/logo\/image\/","url":"https:\/\/embutidoslalinense.com\/blog\/wp-content\/uploads\/2020\/04\/0001.jpg","contentUrl":"https:\/\/embutidoslalinense.com\/blog\/wp-content\/uploads\/2020\/04\/0001.jpg","width":1494,"height":557,"caption":"Embutidos Lalinense"},"image":{"@id":"https:\/\/embutidoslalinense.com\/blog\/#\/schema\/logo\/image\/"},"sameAs":["https:\/\/www.facebook.com\/embutidos.lalinense\/","https:\/\/www.instagram.com\/embutidoslalinense\/","https:\/\/www.youtube.com\/channel\/UCij-z5cQeLRTChmF69LeJjw"]},{"@type":"Person","@id":"https:\/\/embutidoslalinense.com\/blog\/#\/schema\/person\/147b4407f4d12f239cb03a5fa82fd9c4","name":"Embutidos Lalinense","url":"https:\/\/embutidoslalinense.com\/blog\/author\/embutidos-lalinense\/"}]}},"_links":{"self":[{"href":"https:\/\/embutidoslalinense.com\/blog\/wp-json\/wp\/v2\/posts\/856","targetHints":{"allow":["GET"]}}],"collection":[{"href":"https:\/\/embutidoslalinense.com\/blog\/wp-json\/wp\/v2\/posts"}],"about":[{"href":"https:\/\/embutidoslalinense.com\/blog\/wp-json\/wp\/v2\/types\/post"}],"author":[{"embeddable":true,"href":"https:\/\/embutidoslalinense.com\/blog\/wp-json\/wp\/v2\/users\/3"}],"replies":[{"embeddable":true,"href":"https:\/\/embutidoslalinense.com\/blog\/wp-json\/wp\/v2\/comments?post=856"}],"version-history":[{"count":6,"href":"https:\/\/embutidoslalinense.com\/blog\/wp-json\/wp\/v2\/posts\/856\/revisions"}],"predecessor-version":[{"id":868,"href":"https:\/\/embutidoslalinense.com\/blog\/wp-json\/wp\/v2\/posts\/856\/revisions\/868"}],"wp:attachment":[{"href":"https:\/\/embutidoslalinense.com\/blog\/wp-json\/wp\/v2\/media?parent=856"}],"wp:term":[{"taxonomy":"category","embeddable":true,"href":"https:\/\/embutidoslalinense.com\/blog\/wp-json\/wp\/v2\/categories?post=856"},{"taxonomy":"post_tag","embeddable":true,"href":"https:\/\/embutidoslalinense.com\/blog\/wp-json\/wp\/v2\/tags?post=856"}],"curies":[{"name":"wp","href":"https:\/\/api.w.org\/{rel}","templated":true}]}}