{"id":524,"date":"2020-04-23T19:01:45","date_gmt":"2020-04-23T19:01:45","guid":{"rendered":"https:\/\/embutidoslalinense.com\/blog\/?p=524"},"modified":"2020-04-23T19:17:05","modified_gmt":"2020-04-23T19:17:05","slug":"laconcito-cocido-gastronomia-gallega","status":"publish","type":"post","link":"https:\/\/embutidoslalinense.com\/blog\/laconcito-cocido-gastronomia-gallega\/","title":{"rendered":"Laconcito cocido, una exquisitez en tu mesa"},"content":{"rendered":"\n<figure class=\"wp-block-embed-youtube wp-block-embed is-type-video is-provider-youtube wp-embed-aspect-16-9 wp-has-aspect-ratio\"><div class=\"wp-block-embed__wrapper\">\n<iframe loading=\"lazy\" title=\"Laconcito curado cocido con grelos\" width=\"697\" height=\"392\" src=\"https:\/\/www.youtube.com\/embed\/CyVFTR8NU8k?feature=oembed\" frameborder=\"0\" allow=\"accelerometer; autoplay; encrypted-media; gyroscope; picture-in-picture\" allowfullscreen><\/iframe>\n<\/div><figcaption>Laconcito curado cocido Duroc Batall\u00e9 y grelos O larpeiro<\/figcaption><\/figure>\n\n\n\n<p>El laconcito curado cocido Duroc Batall\u00e9 es de los productos m\u00e1s chulitos que tenemos, acaba de llegar y ya tiene v\u00eddeo propio. Y no es para menos.<\/p>\n\n\n\n<p>Te lo advertimos, este laconcito te enamorar\u00e1 desde el primer bocado. Por qu\u00e9? Porque nada m\u00e1s sacarlo de la bolsa agradecer\u00e1s su intenso aroma a lac\u00f3n cocido y contar\u00e1s los minutos hasta que puedas probarlo.<\/p>\n\n\n\n<p>Es igual de agradecido servido fr\u00edo que en caliente; si prefieres esta segunda opci\u00f3n, cali\u00e9ntalo dentro de la bolsa unos minutos y  acomp\u00e1\u00f1alo de unos grelos ya cocidos en conserva de O Larpeiro.<\/p>\n\n\n\n<p>Puedes encontrar otros lacones Duroc, pero 100% s\u00f3lo el de Batall\u00e9, un producto \u00fanico en el mercado. Esta raza de cerdo presenta una mayor infiltraci\u00f3n, lo que hace que su textura sea m\u00e1s jugosa, con unas caracter\u00edsticas muy destacables:  su aroma y color rosado, y sobre todo por su contenido reducido en sal. <\/p>\n\n\n\n<p>Ya a tu disposici\u00f3n en nuestra tienda online: <a href=\"https:\/\/embutidoslalinense.com\/tienda\/\">https:\/\/embutidoslalinense.com\/tienda\/<\/a> <\/p>\n\n\n\n<p> <\/p>\n\n\n\n<p><\/p>\n","protected":false},"excerpt":{"rendered":"<p>El laconcito curado cocido Duroc Batall\u00e9 es de los productos m\u00e1s chulitos que tenemos, acaba de llegar y ya tiene v\u00eddeo propio. Y no es para menos. Te lo advertimos, este laconcito te enamorar\u00e1 desde el primer bocado. Por qu\u00e9? Porque nada m\u00e1s sacarlo de la bolsa agradecer\u00e1s su intenso aroma a lac\u00f3n cocido y [&hellip;]<\/p>\n","protected":false},"author":3,"featured_media":522,"comment_status":"closed","ping_status":"closed","sticky":false,"template":"","format":"image","meta":{"_monsterinsights_skip_tracking":false,"_monsterinsights_sitenote_active":false,"_monsterinsights_sitenote_note":"","_monsterinsights_sitenote_category":0,"footnotes":""},"categories":[1],"tags":[49,47,17,28,26,46,48],"class_list":["post-524","post","type-post","status-publish","format-image","has-post-thumbnail","hentry","category-sin-categoria","tag-batalle","tag-comprar-lacon","tag-embutidos-lalinense","tag-lacon-duroc","tag-lacon-gallego","tag-laconcito-curado-cocido","tag-lalinense","post_format-post-format-image"],"yoast_head":"<!-- This site is optimized with the Yoast SEO plugin v27.5 - https:\/\/yoast.com\/product\/yoast-seo-wordpress\/ -->\n<title>Laconcito cocido, una exquisitez en tu mesa - Embutidos Lalinense<\/title>\n<meta name=\"description\" content=\"Este laconcito curado cocido Batall\u00e9 te seducir\u00e1 por sabroso y por su contenido bajo en sal. Puedes tomarlo fr\u00edo o caliente. Est\u00e1 siempre exquisito.\" \/>\n<meta name=\"robots\" content=\"index, follow, max-snippet:-1, max-image-preview:large, max-video-preview:-1\" \/>\n<link rel=\"canonical\" href=\"https:\/\/embutidoslalinense.com\/blog\/laconcito-cocido-gastronomia-gallega\/\" \/>\n<meta property=\"og:locale\" content=\"es_ES\" \/>\n<meta property=\"og:type\" content=\"article\" \/>\n<meta property=\"og:title\" content=\"Laconcito cocido, una exquisitez en tu mesa - Embutidos Lalinense\" \/>\n<meta property=\"og:description\" content=\"Este laconcito curado cocido Batall\u00e9 te seducir\u00e1 por sabroso y por su contenido bajo en sal. Puedes tomarlo fr\u00edo o caliente. Est\u00e1 siempre exquisito.\" \/>\n<meta property=\"og:url\" content=\"https:\/\/embutidoslalinense.com\/blog\/laconcito-cocido-gastronomia-gallega\/\" \/>\n<meta property=\"og:site_name\" content=\"Embutidos Lalinense\" \/>\n<meta property=\"article:publisher\" content=\"https:\/\/www.facebook.com\/embutidos.lalinense\/\" \/>\n<meta property=\"article:published_time\" content=\"2020-04-23T19:01:45+00:00\" \/>\n<meta property=\"article:modified_time\" content=\"2020-04-23T19:17:05+00:00\" \/>\n<meta property=\"og:image\" content=\"https:\/\/embutidoslalinense.com\/blog\/wp-content\/uploads\/2020\/04\/baixa-peso.jpg\" \/>\n\t<meta property=\"og:image:width\" content=\"1214\" \/>\n\t<meta property=\"og:image:height\" content=\"810\" \/>\n\t<meta property=\"og:image:type\" content=\"image\/jpeg\" \/>\n<meta name=\"author\" content=\"Embutidos Lalinense\" \/>\n<meta name=\"twitter:card\" content=\"summary_large_image\" \/>\n<meta name=\"twitter:label1\" content=\"Escrito por\" \/>\n\t<meta name=\"twitter:data1\" content=\"Embutidos Lalinense\" \/>\n\t<meta name=\"twitter:label2\" content=\"Tiempo de lectura\" \/>\n\t<meta name=\"twitter:data2\" content=\"1 minuto\" \/>\n<script type=\"application\/ld+json\" class=\"yoast-schema-graph\">{\"@context\":\"https:\\\/\\\/schema.org\",\"@graph\":[{\"@type\":\"Article\",\"@id\":\"https:\\\/\\\/embutidoslalinense.com\\\/blog\\\/laconcito-cocido-gastronomia-gallega\\\/#article\",\"isPartOf\":{\"@id\":\"https:\\\/\\\/embutidoslalinense.com\\\/blog\\\/laconcito-cocido-gastronomia-gallega\\\/\"},\"author\":{\"name\":\"Embutidos Lalinense\",\"@id\":\"https:\\\/\\\/embutidoslalinense.com\\\/blog\\\/#\\\/schema\\\/person\\\/147b4407f4d12f239cb03a5fa82fd9c4\"},\"headline\":\"Laconcito cocido, una exquisitez en tu mesa\",\"datePublished\":\"2020-04-23T19:01:45+00:00\",\"dateModified\":\"2020-04-23T19:17:05+00:00\",\"mainEntityOfPage\":{\"@id\":\"https:\\\/\\\/embutidoslalinense.com\\\/blog\\\/laconcito-cocido-gastronomia-gallega\\\/\"},\"wordCount\":199,\"publisher\":{\"@id\":\"https:\\\/\\\/embutidoslalinense.com\\\/blog\\\/#organization\"},\"image\":{\"@id\":\"https:\\\/\\\/embutidoslalinense.com\\\/blog\\\/laconcito-cocido-gastronomia-gallega\\\/#primaryimage\"},\"thumbnailUrl\":\"https:\\\/\\\/embutidoslalinense.com\\\/blog\\\/wp-content\\\/uploads\\\/2020\\\/04\\\/baixa-peso.jpg\",\"keywords\":[\"batall\u00e9\",\"comprar lac\u00f3n\",\"embutidos lalinense\",\"lac\u00f3n duroc\",\"lac\u00f3n gallego\",\"laconcito curado cocido\",\"lalinense\"],\"articleSection\":[\"\u00daLTIMAS NOTICIAS\"],\"inLanguage\":\"es\"},{\"@type\":\"WebPage\",\"@id\":\"https:\\\/\\\/embutidoslalinense.com\\\/blog\\\/laconcito-cocido-gastronomia-gallega\\\/\",\"url\":\"https:\\\/\\\/embutidoslalinense.com\\\/blog\\\/laconcito-cocido-gastronomia-gallega\\\/\",\"name\":\"Laconcito cocido, una exquisitez en tu mesa - Embutidos Lalinense\",\"isPartOf\":{\"@id\":\"https:\\\/\\\/embutidoslalinense.com\\\/blog\\\/#website\"},\"primaryImageOfPage\":{\"@id\":\"https:\\\/\\\/embutidoslalinense.com\\\/blog\\\/laconcito-cocido-gastronomia-gallega\\\/#primaryimage\"},\"image\":{\"@id\":\"https:\\\/\\\/embutidoslalinense.com\\\/blog\\\/laconcito-cocido-gastronomia-gallega\\\/#primaryimage\"},\"thumbnailUrl\":\"https:\\\/\\\/embutidoslalinense.com\\\/blog\\\/wp-content\\\/uploads\\\/2020\\\/04\\\/baixa-peso.jpg\",\"datePublished\":\"2020-04-23T19:01:45+00:00\",\"dateModified\":\"2020-04-23T19:17:05+00:00\",\"description\":\"Este laconcito curado cocido Batall\u00e9 te seducir\u00e1 por sabroso y por su contenido bajo en sal. Puedes tomarlo fr\u00edo o caliente. Est\u00e1 siempre exquisito.\",\"breadcrumb\":{\"@id\":\"https:\\\/\\\/embutidoslalinense.com\\\/blog\\\/laconcito-cocido-gastronomia-gallega\\\/#breadcrumb\"},\"inLanguage\":\"es\",\"potentialAction\":[{\"@type\":\"ReadAction\",\"target\":[\"https:\\\/\\\/embutidoslalinense.com\\\/blog\\\/laconcito-cocido-gastronomia-gallega\\\/\"]}]},{\"@type\":\"ImageObject\",\"inLanguage\":\"es\",\"@id\":\"https:\\\/\\\/embutidoslalinense.com\\\/blog\\\/laconcito-cocido-gastronomia-gallega\\\/#primaryimage\",\"url\":\"https:\\\/\\\/embutidoslalinense.com\\\/blog\\\/wp-content\\\/uploads\\\/2020\\\/04\\\/baixa-peso.jpg\",\"contentUrl\":\"https:\\\/\\\/embutidoslalinense.com\\\/blog\\\/wp-content\\\/uploads\\\/2020\\\/04\\\/baixa-peso.jpg\",\"width\":1214,\"height\":810},{\"@type\":\"BreadcrumbList\",\"@id\":\"https:\\\/\\\/embutidoslalinense.com\\\/blog\\\/laconcito-cocido-gastronomia-gallega\\\/#breadcrumb\",\"itemListElement\":[{\"@type\":\"ListItem\",\"position\":1,\"name\":\"Portada\",\"item\":\"https:\\\/\\\/embutidoslalinense.com\\\/blog\\\/\"},{\"@type\":\"ListItem\",\"position\":2,\"name\":\"Laconcito cocido, una exquisitez en tu mesa\"}]},{\"@type\":\"WebSite\",\"@id\":\"https:\\\/\\\/embutidoslalinense.com\\\/blog\\\/#website\",\"url\":\"https:\\\/\\\/embutidoslalinense.com\\\/blog\\\/\",\"name\":\"Embutidos Lalinense\",\"description\":\"\",\"publisher\":{\"@id\":\"https:\\\/\\\/embutidoslalinense.com\\\/blog\\\/#organization\"},\"potentialAction\":[{\"@type\":\"SearchAction\",\"target\":{\"@type\":\"EntryPoint\",\"urlTemplate\":\"https:\\\/\\\/embutidoslalinense.com\\\/blog\\\/?s={search_term_string}\"},\"query-input\":{\"@type\":\"PropertyValueSpecification\",\"valueRequired\":true,\"valueName\":\"search_term_string\"}}],\"inLanguage\":\"es\"},{\"@type\":\"Organization\",\"@id\":\"https:\\\/\\\/embutidoslalinense.com\\\/blog\\\/#organization\",\"name\":\"Embutidos Lalinense\",\"url\":\"https:\\\/\\\/embutidoslalinense.com\\\/blog\\\/\",\"logo\":{\"@type\":\"ImageObject\",\"inLanguage\":\"es\",\"@id\":\"https:\\\/\\\/embutidoslalinense.com\\\/blog\\\/#\\\/schema\\\/logo\\\/image\\\/\",\"url\":\"https:\\\/\\\/embutidoslalinense.com\\\/blog\\\/wp-content\\\/uploads\\\/2020\\\/04\\\/0001.jpg\",\"contentUrl\":\"https:\\\/\\\/embutidoslalinense.com\\\/blog\\\/wp-content\\\/uploads\\\/2020\\\/04\\\/0001.jpg\",\"width\":1494,\"height\":557,\"caption\":\"Embutidos Lalinense\"},\"image\":{\"@id\":\"https:\\\/\\\/embutidoslalinense.com\\\/blog\\\/#\\\/schema\\\/logo\\\/image\\\/\"},\"sameAs\":[\"https:\\\/\\\/www.facebook.com\\\/embutidos.lalinense\\\/\",\"https:\\\/\\\/www.instagram.com\\\/embutidoslalinense\\\/\",\"https:\\\/\\\/www.youtube.com\\\/channel\\\/UCij-z5cQeLRTChmF69LeJjw\"]},{\"@type\":\"Person\",\"@id\":\"https:\\\/\\\/embutidoslalinense.com\\\/blog\\\/#\\\/schema\\\/person\\\/147b4407f4d12f239cb03a5fa82fd9c4\",\"name\":\"Embutidos Lalinense\",\"url\":\"https:\\\/\\\/embutidoslalinense.com\\\/blog\\\/author\\\/embutidos-lalinense\\\/\"}]}<\/script>\n<!-- \/ Yoast SEO plugin. -->","yoast_head_json":{"title":"Laconcito cocido, una exquisitez en tu mesa - Embutidos Lalinense","description":"Este laconcito curado cocido Batall\u00e9 te seducir\u00e1 por sabroso y por su contenido bajo en sal. Puedes tomarlo fr\u00edo o caliente. Est\u00e1 siempre exquisito.","robots":{"index":"index","follow":"follow","max-snippet":"max-snippet:-1","max-image-preview":"max-image-preview:large","max-video-preview":"max-video-preview:-1"},"canonical":"https:\/\/embutidoslalinense.com\/blog\/laconcito-cocido-gastronomia-gallega\/","og_locale":"es_ES","og_type":"article","og_title":"Laconcito cocido, una exquisitez en tu mesa - Embutidos Lalinense","og_description":"Este laconcito curado cocido Batall\u00e9 te seducir\u00e1 por sabroso y por su contenido bajo en sal. Puedes tomarlo fr\u00edo o caliente. Est\u00e1 siempre exquisito.","og_url":"https:\/\/embutidoslalinense.com\/blog\/laconcito-cocido-gastronomia-gallega\/","og_site_name":"Embutidos Lalinense","article_publisher":"https:\/\/www.facebook.com\/embutidos.lalinense\/","article_published_time":"2020-04-23T19:01:45+00:00","article_modified_time":"2020-04-23T19:17:05+00:00","og_image":[{"width":1214,"height":810,"url":"https:\/\/embutidoslalinense.com\/blog\/wp-content\/uploads\/2020\/04\/baixa-peso.jpg","type":"image\/jpeg"}],"author":"Embutidos Lalinense","twitter_card":"summary_large_image","twitter_misc":{"Escrito por":"Embutidos Lalinense","Tiempo de lectura":"1 minuto"},"schema":{"@context":"https:\/\/schema.org","@graph":[{"@type":"Article","@id":"https:\/\/embutidoslalinense.com\/blog\/laconcito-cocido-gastronomia-gallega\/#article","isPartOf":{"@id":"https:\/\/embutidoslalinense.com\/blog\/laconcito-cocido-gastronomia-gallega\/"},"author":{"name":"Embutidos Lalinense","@id":"https:\/\/embutidoslalinense.com\/blog\/#\/schema\/person\/147b4407f4d12f239cb03a5fa82fd9c4"},"headline":"Laconcito cocido, una exquisitez en tu mesa","datePublished":"2020-04-23T19:01:45+00:00","dateModified":"2020-04-23T19:17:05+00:00","mainEntityOfPage":{"@id":"https:\/\/embutidoslalinense.com\/blog\/laconcito-cocido-gastronomia-gallega\/"},"wordCount":199,"publisher":{"@id":"https:\/\/embutidoslalinense.com\/blog\/#organization"},"image":{"@id":"https:\/\/embutidoslalinense.com\/blog\/laconcito-cocido-gastronomia-gallega\/#primaryimage"},"thumbnailUrl":"https:\/\/embutidoslalinense.com\/blog\/wp-content\/uploads\/2020\/04\/baixa-peso.jpg","keywords":["batall\u00e9","comprar lac\u00f3n","embutidos lalinense","lac\u00f3n duroc","lac\u00f3n gallego","laconcito curado cocido","lalinense"],"articleSection":["\u00daLTIMAS NOTICIAS"],"inLanguage":"es"},{"@type":"WebPage","@id":"https:\/\/embutidoslalinense.com\/blog\/laconcito-cocido-gastronomia-gallega\/","url":"https:\/\/embutidoslalinense.com\/blog\/laconcito-cocido-gastronomia-gallega\/","name":"Laconcito cocido, una exquisitez en tu mesa - Embutidos Lalinense","isPartOf":{"@id":"https:\/\/embutidoslalinense.com\/blog\/#website"},"primaryImageOfPage":{"@id":"https:\/\/embutidoslalinense.com\/blog\/laconcito-cocido-gastronomia-gallega\/#primaryimage"},"image":{"@id":"https:\/\/embutidoslalinense.com\/blog\/laconcito-cocido-gastronomia-gallega\/#primaryimage"},"thumbnailUrl":"https:\/\/embutidoslalinense.com\/blog\/wp-content\/uploads\/2020\/04\/baixa-peso.jpg","datePublished":"2020-04-23T19:01:45+00:00","dateModified":"2020-04-23T19:17:05+00:00","description":"Este laconcito curado cocido Batall\u00e9 te seducir\u00e1 por sabroso y por su contenido bajo en sal. Puedes tomarlo fr\u00edo o caliente. Est\u00e1 siempre exquisito.","breadcrumb":{"@id":"https:\/\/embutidoslalinense.com\/blog\/laconcito-cocido-gastronomia-gallega\/#breadcrumb"},"inLanguage":"es","potentialAction":[{"@type":"ReadAction","target":["https:\/\/embutidoslalinense.com\/blog\/laconcito-cocido-gastronomia-gallega\/"]}]},{"@type":"ImageObject","inLanguage":"es","@id":"https:\/\/embutidoslalinense.com\/blog\/laconcito-cocido-gastronomia-gallega\/#primaryimage","url":"https:\/\/embutidoslalinense.com\/blog\/wp-content\/uploads\/2020\/04\/baixa-peso.jpg","contentUrl":"https:\/\/embutidoslalinense.com\/blog\/wp-content\/uploads\/2020\/04\/baixa-peso.jpg","width":1214,"height":810},{"@type":"BreadcrumbList","@id":"https:\/\/embutidoslalinense.com\/blog\/laconcito-cocido-gastronomia-gallega\/#breadcrumb","itemListElement":[{"@type":"ListItem","position":1,"name":"Portada","item":"https:\/\/embutidoslalinense.com\/blog\/"},{"@type":"ListItem","position":2,"name":"Laconcito cocido, una exquisitez en tu mesa"}]},{"@type":"WebSite","@id":"https:\/\/embutidoslalinense.com\/blog\/#website","url":"https:\/\/embutidoslalinense.com\/blog\/","name":"Embutidos Lalinense","description":"","publisher":{"@id":"https:\/\/embutidoslalinense.com\/blog\/#organization"},"potentialAction":[{"@type":"SearchAction","target":{"@type":"EntryPoint","urlTemplate":"https:\/\/embutidoslalinense.com\/blog\/?s={search_term_string}"},"query-input":{"@type":"PropertyValueSpecification","valueRequired":true,"valueName":"search_term_string"}}],"inLanguage":"es"},{"@type":"Organization","@id":"https:\/\/embutidoslalinense.com\/blog\/#organization","name":"Embutidos Lalinense","url":"https:\/\/embutidoslalinense.com\/blog\/","logo":{"@type":"ImageObject","inLanguage":"es","@id":"https:\/\/embutidoslalinense.com\/blog\/#\/schema\/logo\/image\/","url":"https:\/\/embutidoslalinense.com\/blog\/wp-content\/uploads\/2020\/04\/0001.jpg","contentUrl":"https:\/\/embutidoslalinense.com\/blog\/wp-content\/uploads\/2020\/04\/0001.jpg","width":1494,"height":557,"caption":"Embutidos Lalinense"},"image":{"@id":"https:\/\/embutidoslalinense.com\/blog\/#\/schema\/logo\/image\/"},"sameAs":["https:\/\/www.facebook.com\/embutidos.lalinense\/","https:\/\/www.instagram.com\/embutidoslalinense\/","https:\/\/www.youtube.com\/channel\/UCij-z5cQeLRTChmF69LeJjw"]},{"@type":"Person","@id":"https:\/\/embutidoslalinense.com\/blog\/#\/schema\/person\/147b4407f4d12f239cb03a5fa82fd9c4","name":"Embutidos Lalinense","url":"https:\/\/embutidoslalinense.com\/blog\/author\/embutidos-lalinense\/"}]}},"_links":{"self":[{"href":"https:\/\/embutidoslalinense.com\/blog\/wp-json\/wp\/v2\/posts\/524","targetHints":{"allow":["GET"]}}],"collection":[{"href":"https:\/\/embutidoslalinense.com\/blog\/wp-json\/wp\/v2\/posts"}],"about":[{"href":"https:\/\/embutidoslalinense.com\/blog\/wp-json\/wp\/v2\/types\/post"}],"author":[{"embeddable":true,"href":"https:\/\/embutidoslalinense.com\/blog\/wp-json\/wp\/v2\/users\/3"}],"replies":[{"embeddable":true,"href":"https:\/\/embutidoslalinense.com\/blog\/wp-json\/wp\/v2\/comments?post=524"}],"version-history":[{"count":6,"href":"https:\/\/embutidoslalinense.com\/blog\/wp-json\/wp\/v2\/posts\/524\/revisions"}],"predecessor-version":[{"id":532,"href":"https:\/\/embutidoslalinense.com\/blog\/wp-json\/wp\/v2\/posts\/524\/revisions\/532"}],"wp:featuredmedia":[{"embeddable":true,"href":"https:\/\/embutidoslalinense.com\/blog\/wp-json\/wp\/v2\/media\/522"}],"wp:attachment":[{"href":"https:\/\/embutidoslalinense.com\/blog\/wp-json\/wp\/v2\/media?parent=524"}],"wp:term":[{"taxonomy":"category","embeddable":true,"href":"https:\/\/embutidoslalinense.com\/blog\/wp-json\/wp\/v2\/categories?post=524"},{"taxonomy":"post_tag","embeddable":true,"href":"https:\/\/embutidoslalinense.com\/blog\/wp-json\/wp\/v2\/tags?post=524"}],"curies":[{"name":"wp","href":"https:\/\/api.w.org\/{rel}","templated":true}]}}